{"id":3711,"date":"2025-05-31T18:35:55","date_gmt":"2025-05-31T16:35:55","guid":{"rendered":"https:\/\/www.stpriscilla.org\/?p=3711"},"modified":"2025-06-01T00:27:36","modified_gmt":"2025-05-31T22:27:36","slug":"piknik-parafialny-sw-priscilli","status":"publish","type":"post","link":"https:\/\/www.stpriscilla.org\/en\/2025\/05\/31\/piknik-parafialny-sw-priscilli\/","title":{"rendered":"St. Priscilla's Parish Picnic!"},"content":{"rendered":"","protected":false},"excerpt":{"rendered":"<p>Ju\u017c 29 czerwca zapraszamy na radosny Piknik Parafialny \u015aw. Priscilli w Chicago! Czeka na Was muzyka na \u017cywo, pyszne jedzenie, zabawy dla dzieci i doros\u0142ych \u2013 a wszystko to w rodzinnej atmosferze. Wst\u0119p wolny \u2013 przyjd\u017a z bliskimi i baw si\u0119 razem z nami!<\/p>","protected":false},"author":2,"featured_media":3712,"comment_status":"closed","ping_status":"open","sticky":false,"template":"","format":"standard","meta":{"footnotes":""},"categories":[527],"tags":[],"class_list":["post-3711","post","type-post","status-publish","format-standard","has-post-thumbnail","hentry","category-wydarzenia-parafialne"],"_links":{"self":[{"href":"https:\/\/www.stpriscilla.org\/en\/wp-json\/wp\/v2\/posts\/3711","targetHints":{"allow":["GET"]}}],"collection":[{"href":"https:\/\/www.stpriscilla.org\/en\/wp-json\/wp\/v2\/posts"}],"about":[{"href":"https:\/\/www.stpriscilla.org\/en\/wp-json\/wp\/v2\/types\/post"}],"author":[{"embeddable":true,"href":"https:\/\/www.stpriscilla.org\/en\/wp-json\/wp\/v2\/users\/2"}],"replies":[{"embeddable":true,"href":"https:\/\/www.stpriscilla.org\/en\/wp-json\/wp\/v2\/comments?post=3711"}],"version-history":[{"count":5,"href":"https:\/\/www.stpriscilla.org\/en\/wp-json\/wp\/v2\/posts\/3711\/revisions"}],"predecessor-version":[{"id":3750,"href":"https:\/\/www.stpriscilla.org\/en\/wp-json\/wp\/v2\/posts\/3711\/revisions\/3750"}],"wp:featuredmedia":[{"embeddable":true,"href":"https:\/\/www.stpriscilla.org\/en\/wp-json\/wp\/v2\/media\/3712"}],"wp:attachment":[{"href":"https:\/\/www.stpriscilla.org\/en\/wp-json\/wp\/v2\/media?parent=3711"}],"wp:term":[{"taxonomy":"category","embeddable":true,"href":"https:\/\/www.stpriscilla.org\/en\/wp-json\/wp\/v2\/categories?post=3711"},{"taxonomy":"post_tag","embeddable":true,"href":"https:\/\/www.stpriscilla.org\/en\/wp-json\/wp\/v2\/tags?post=3711"}],"curies":[{"name":"wp","href":"https:\/\/api.w.org\/{rel}","templated":true}]}}