{"id":3729,"date":"2025-05-31T22:15:47","date_gmt":"2025-05-31T20:15:47","guid":{"rendered":"https:\/\/www.stpriscilla.org\/?p=3729"},"modified":"2025-05-31T23:43:18","modified_gmt":"2025-05-31T21:43:18","slug":"mamy-papieza-z-chicago-leon-xiv","status":"publish","type":"post","link":"https:\/\/www.stpriscilla.org\/en\/2025\/05\/31\/mamy-papieza-z-chicago-leon-xiv\/","title":{"rendered":"We Have a Pope from Chicago \u2013 Leo XIV"},"content":{"rendered":"","protected":false},"excerpt":{"rendered":"<p>Chicago ma nowego pow\u00f3d do dumy \u2013 kardyna\u0142 Robert Francis Prevost zosta\u0142 wybrany papie\u017cem i przyj\u0105\u0142 imi\u0119 Leon XIV. To pierwszy w historii papie\u017c pochodz\u0105cy z USA, urodzony w samym sercu Chicago. Jego wyb\u00f3r wywo\u0142a\u0142 ogromne emocje i rado\u015b\u0107 zar\u00f3wno w Ko\u015bciele, jak i w\u015br\u00f3d mieszka\u0144c\u00f3w miasta.<\/p>","protected":false},"author":1,"featured_media":3733,"comment_status":"open","ping_status":"open","sticky":false,"template":"","format":"standard","meta":{"footnotes":""},"categories":[527],"tags":[],"class_list":["post-3729","post","type-post","status-publish","format-standard","has-post-thumbnail","hentry","category-wydarzenia-parafialne"],"_links":{"self":[{"href":"https:\/\/www.stpriscilla.org\/en\/wp-json\/wp\/v2\/posts\/3729","targetHints":{"allow":["GET"]}}],"collection":[{"href":"https:\/\/www.stpriscilla.org\/en\/wp-json\/wp\/v2\/posts"}],"about":[{"href":"https:\/\/www.stpriscilla.org\/en\/wp-json\/wp\/v2\/types\/post"}],"author":[{"embeddable":true,"href":"https:\/\/www.stpriscilla.org\/en\/wp-json\/wp\/v2\/users\/1"}],"replies":[{"embeddable":true,"href":"https:\/\/www.stpriscilla.org\/en\/wp-json\/wp\/v2\/comments?post=3729"}],"version-history":[{"count":6,"href":"https:\/\/www.stpriscilla.org\/en\/wp-json\/wp\/v2\/posts\/3729\/revisions"}],"predecessor-version":[{"id":3746,"href":"https:\/\/www.stpriscilla.org\/en\/wp-json\/wp\/v2\/posts\/3729\/revisions\/3746"}],"wp:featuredmedia":[{"embeddable":true,"href":"https:\/\/www.stpriscilla.org\/en\/wp-json\/wp\/v2\/media\/3733"}],"wp:attachment":[{"href":"https:\/\/www.stpriscilla.org\/en\/wp-json\/wp\/v2\/media?parent=3729"}],"wp:term":[{"taxonomy":"category","embeddable":true,"href":"https:\/\/www.stpriscilla.org\/en\/wp-json\/wp\/v2\/categories?post=3729"},{"taxonomy":"post_tag","embeddable":true,"href":"https:\/\/www.stpriscilla.org\/en\/wp-json\/wp\/v2\/tags?post=3729"}],"curies":[{"name":"wp","href":"https:\/\/api.w.org\/{rel}","templated":true}]}}