{"id":3861,"date":"2025-08-14T22:16:18","date_gmt":"2025-08-14T20:16:18","guid":{"rendered":"https:\/\/www.stpriscilla.org\/?p=3861"},"modified":"2025-08-14T23:07:56","modified_gmt":"2025-08-14T21:07:56","slug":"zaproszenie-na-misje-parafialne","status":"publish","type":"post","link":"https:\/\/www.stpriscilla.org\/en\/2025\/08\/14\/zaproszenie-na-misje-parafialne\/","title":{"rendered":"Invitation to Parish Missions"},"content":{"rendered":"","protected":false},"excerpt":{"rendered":"<p>Z wielk\u0105 rado\u015bci\u0105 zapraszamy Was na Misje Parafialne z okazji Jubileuszu 100-lecia naszej parafii \u015bw. Priscilli!<\/p>","protected":false},"author":1,"featured_media":3862,"comment_status":"open","ping_status":"open","sticky":false,"template":"","format":"standard","meta":{"footnotes":""},"categories":[527],"tags":[],"class_list":["post-3861","post","type-post","status-publish","format-standard","has-post-thumbnail","hentry","category-wydarzenia-parafialne"],"_links":{"self":[{"href":"https:\/\/www.stpriscilla.org\/en\/wp-json\/wp\/v2\/posts\/3861","targetHints":{"allow":["GET"]}}],"collection":[{"href":"https:\/\/www.stpriscilla.org\/en\/wp-json\/wp\/v2\/posts"}],"about":[{"href":"https:\/\/www.stpriscilla.org\/en\/wp-json\/wp\/v2\/types\/post"}],"author":[{"embeddable":true,"href":"https:\/\/www.stpriscilla.org\/en\/wp-json\/wp\/v2\/users\/1"}],"replies":[{"embeddable":true,"href":"https:\/\/www.stpriscilla.org\/en\/wp-json\/wp\/v2\/comments?post=3861"}],"version-history":[{"count":5,"href":"https:\/\/www.stpriscilla.org\/en\/wp-json\/wp\/v2\/posts\/3861\/revisions"}],"predecessor-version":[{"id":3873,"href":"https:\/\/www.stpriscilla.org\/en\/wp-json\/wp\/v2\/posts\/3861\/revisions\/3873"}],"wp:featuredmedia":[{"embeddable":true,"href":"https:\/\/www.stpriscilla.org\/en\/wp-json\/wp\/v2\/media\/3862"}],"wp:attachment":[{"href":"https:\/\/www.stpriscilla.org\/en\/wp-json\/wp\/v2\/media?parent=3861"}],"wp:term":[{"taxonomy":"category","embeddable":true,"href":"https:\/\/www.stpriscilla.org\/en\/wp-json\/wp\/v2\/categories?post=3861"},{"taxonomy":"post_tag","embeddable":true,"href":"https:\/\/www.stpriscilla.org\/en\/wp-json\/wp\/v2\/tags?post=3861"}],"curies":[{"name":"wp","href":"https:\/\/api.w.org\/{rel}","templated":true}]}}